{"id":128,"date":"2021-08-24T09:21:49","date_gmt":"2021-08-24T09:21:49","guid":{"rendered":"https:\/\/codexpeed.com\/fundbux-wp\/?p=128"},"modified":"2022-10-04T12:33:42","modified_gmt":"2022-10-04T12:33:42","slug":"disparus-aux-frontieres","status":"publish","type":"post","link":"https:\/\/bozafii.org\/index.php\/2021\/08\/24\/disparus-aux-frontieres\/","title":{"rendered":"Les disparus aux fronti\u00e8res"},"content":{"rendered":"<ul>\n<li><strong>Le d\u00e9sert tue et enterre en silence<\/strong><\/li>\n<li><strong>La mer m\u00e9diterran\u00e9e charnier des migrants <\/strong><\/li>\n<li><strong>Les fronti\u00e8res tuent \u2026tuent&#8230;<\/strong><\/li>\n<\/ul>\n<p>&nbsp;<\/p>\n<p>On estime \u00e0 plus de 40.000 le nombre de personnes mortes et disparues aux fronti\u00e8res de l\u2019Europe depuis 1993. Beaucoup de familles aujourd\u2019hui font face \u00e0 une situation douloureuse d\u2019avoir perdu de leurs enfants sans avoir aucune id\u00e9e de l\u00e0 o\u00f9 ils sont et sans nouvelles depuis des ann\u00e9es.<\/p>\n<p>En r\u00e9alit\u00e9 n\u2019y a pas seulement des morts mais aussi des disparus.<\/p>\n<p>Aujourd\u2019hui <strong>BOZA FII<\/strong> est pr\u00eat \u00e0 amener un espoir pour ces familles d\u00e9sesp\u00e9r\u00e9es et traumatis\u00e9es pour la recherche de leurs enfants disparus.<\/p>\n<p>Notre cabinet est compos\u00e9 de membres experts sur le contexte de transit des migrants s\u00e9n\u00e9galais et autres migrants subsahariens dans les pays du Mahgreb.<\/p>\n<p>&nbsp;<\/p>\n<p>Vu la situation et l&#8217;exp\u00e9rience que l\u2019\u00e9quipe <strong>BOZA FII<\/strong> a v\u00e9cu dans la vie de l&#8217;\u00e9migr\u00e9 notre seul but aujourd&#8217;hui est d&#8217;\u00eatre la voix des sans-voix qui quittent leurs pays et parfois m\u00eame meurent ou disparaissent en silence. Chacun de nous a un proche ou connait quelqu&#8217;un qui est rest\u00e9 dans la M\u00e9diterran\u00e9e ou bien qui a disparu myst\u00e9rieusement sur les routes des fronti\u00e8res.<\/p>\n<p>Cependant n\u2019est-il pas temps d&#8217;essayer de trouver des solutions \u00e0 ce fl\u00e9au, en mettant en place des programmes pour que les jeunes puissent se stabiliser dans leurs pays d\u2019origines\u00a0?<br \/>\n<img loading=\"lazy\" class=\"alignnone  wp-image-14053\" src=\"https:\/\/bozafii.org\/wp-content\/uploads\/2022\/10\/radeau-migrants-300x169.jpg\" alt=\"\" width=\"451\" height=\"254\" srcset=\"https:\/\/bozafii.org\/wp-content\/uploads\/2022\/10\/radeau-migrants-300x169.jpg 300w, https:\/\/bozafii.org\/wp-content\/uploads\/2022\/10\/radeau-migrants-768x432.jpg 768w, https:\/\/bozafii.org\/wp-content\/uploads\/2022\/10\/radeau-migrants-820x461.jpg 820w, https:\/\/bozafii.org\/wp-content\/uploads\/2022\/10\/radeau-migrants-177x100.jpg 177w, https:\/\/bozafii.org\/wp-content\/uploads\/2022\/10\/radeau-migrants-600x337.jpg 600w, https:\/\/bozafii.org\/wp-content\/uploads\/2022\/10\/radeau-migrants.jpg 870w\" sizes=\"(max-width: 451px) 100vw, 451px\" \/><\/p>\n<p>&nbsp;<\/p>\n<p>L\u2019id\u00e9e est de faire comprendre aux populations que les fronti\u00e8res tuent et comment les migrants vivent dans des situations vuln\u00e9rables dans les pays de transits. Mais aussi de rappeler \u00e0 nos gouvernements de faire plus d\u2019efforts pour ins\u00e9rer leurs citoyens dans le syst\u00e8me.<\/p>\n<p>Il est important aussi de faire savoir aux gouvernants comment les familles des disparus vivent avec ce lourd fardeau, sachant que leurs enfants ont perdu la vie dans des situations difficiles ou ont disparu sans laisser aucune trace.<\/p>\n<p><img loading=\"lazy\" class=\"wp-image-14051 size-medium\" src=\"https:\/\/bozafii.org\/wp-content\/uploads\/2022\/10\/rescue-migrant-300x200.jpg\" alt=\"\" width=\"300\" height=\"200\" srcset=\"https:\/\/bozafii.org\/wp-content\/uploads\/2022\/10\/rescue-migrant-300x200.jpg 300w, https:\/\/bozafii.org\/wp-content\/uploads\/2022\/10\/rescue-migrant-600x400.jpg 600w, https:\/\/bozafii.org\/wp-content\/uploads\/2022\/10\/rescue-migrant.jpg 664w\" sizes=\"(max-width: 300px) 100vw, 300px\" \/><\/p>\n<p>Il y a 4 ans, dans le Maghreb, plus particuli\u00e8rement au Maroc, les corps des migrants morts en mer M\u00e9diterran\u00e9e \u00e9taient enterr\u00e9s dans des fosses communes. Certaines associations comme les <strong>Ponts Solidaires Maroc, AMDH <\/strong>(Association Marocaine des Droits Humaines) et <strong>Alarm Phone<\/strong>, luttent pour que les migrants qui perdent la vie durant la travers\u00e9e vers l\u2019Europe puissent \u00eatre identifi\u00e9s, document\u00e9s et enterr\u00e9s dans leur derni\u00e8re demeure avec dignit\u00e9 ou m\u00eame rapatri\u00e9s dans leur pays d\u2019origine si les familles ont les moyens.<\/p>\n","protected":false},"excerpt":{"rendered":"<p>Le d\u00e9sert tue et enterre en silence La mer m\u00e9diterran\u00e9e charnier des migrants Les fronti\u00e8res tuent \u2026tuent&#8230; &nbsp; On estime \u00e0 plus de 40.000 le nombre de personnes mortes et disparues aux fronti\u00e8res de l\u2019Europe depuis 1993. Beaucoup de familles aujourd\u2019hui font face \u00e0 une situation douloureuse d\u2019avoir perdu de leurs enfants sans avoir aucune [&hellip;]<\/p>\n","protected":false},"author":1,"featured_media":14053,"comment_status":"open","ping_status":"open","sticky":false,"template":"","format":"standard","meta":{"om_disable_all_campaigns":false,"_monsterinsights_skip_tracking":false,"_monsterinsights_sitenote_active":false,"_monsterinsights_sitenote_note":"","_monsterinsights_sitenote_category":0},"categories":[103],"tags":[],"aioseo_notices":[],"_links":{"self":[{"href":"https:\/\/bozafii.org\/index.php\/wp-json\/wp\/v2\/posts\/128"}],"collection":[{"href":"https:\/\/bozafii.org\/index.php\/wp-json\/wp\/v2\/posts"}],"about":[{"href":"https:\/\/bozafii.org\/index.php\/wp-json\/wp\/v2\/types\/post"}],"author":[{"embeddable":true,"href":"https:\/\/bozafii.org\/index.php\/wp-json\/wp\/v2\/users\/1"}],"replies":[{"embeddable":true,"href":"https:\/\/bozafii.org\/index.php\/wp-json\/wp\/v2\/comments?post=128"}],"version-history":[{"count":3,"href":"https:\/\/bozafii.org\/index.php\/wp-json\/wp\/v2\/posts\/128\/revisions"}],"predecessor-version":[{"id":14092,"href":"https:\/\/bozafii.org\/index.php\/wp-json\/wp\/v2\/posts\/128\/revisions\/14092"}],"wp:featuredmedia":[{"embeddable":true,"href":"https:\/\/bozafii.org\/index.php\/wp-json\/wp\/v2\/media\/14053"}],"wp:attachment":[{"href":"https:\/\/bozafii.org\/index.php\/wp-json\/wp\/v2\/media?parent=128"}],"wp:term":[{"taxonomy":"category","embeddable":true,"href":"https:\/\/bozafii.org\/index.php\/wp-json\/wp\/v2\/categories?post=128"},{"taxonomy":"post_tag","embeddable":true,"href":"https:\/\/bozafii.org\/index.php\/wp-json\/wp\/v2\/tags?post=128"}],"curies":[{"name":"wp","href":"https:\/\/api.w.org\/{rel}","templated":true}]}}